{"id":2675,"date":"2016-12-06T19:20:13","date_gmt":"2016-12-06T19:20:13","guid":{"rendered":"https:\/\/ccmexico.com.mx\/blog\/index.php\/2016\/12\/06\/desalojan-planton-de-predio-donde-afloro-un-acuifero\/"},"modified":"2016-12-06T19:20:13","modified_gmt":"2016-12-06T19:20:13","slug":"desalojan-planton-de-predio-donde-afloro-un-acuifero","status":"publish","type":"post","link":"https:\/\/ccmexico.com.mx\/blog\/desalojan-planton-de-predio-donde-afloro-un-acuifero\/","title":{"rendered":"Desalojan plant\u00f3n de predio donde aflor\u00f3 un acu\u00edfero"},"content":{"rendered":"<p><img decoding=\"async\" src=\"images\/coyoacan.jpg\" alt=\"Desalojo en Coyoac\u00e1n \" \/><\/p>\n<p style=\"text-align: justify;\">Unos 400 granaderos <strong>desalojaron el plant\u00f3n<\/strong> que habitantes de la delegaci\u00f3n<strong> Coyoac\u00e1n<\/strong> manten\u00edan desde hace siete meses en avenida Aztecas 215, en el pueblo Los Reyes, en demanda de cancelar la construcci\u00f3n de 377 departamentos de la inmobiliaria Quiero Casa y expropiar el predio para convertirlo en parque, as\u00ed como aprovechar los 12\u00a0afloramientos\u00a0de agua en el terreno, de casi una hect\u00e1rea, para atender la demanda de suministro en la zona.<\/p>\n<p>  <!--more-->  <\/p>\n<p style=\"text-align: justify;\">En conferencia de prensa, los vecinos informaron que durante el desalojo, realizado alrededor de las 3:40 horas, no hubo lesionados ni detenidos, pero\u00a0se llevaron la carpa donde se resguardaban 15 personas, una combi, un cami\u00f3n, dos autos, tel\u00e9fonos celulares y los equipos de sonido y de video, que ya nos hicieron perdedizos.<\/p>\n<p style=\"text-align: justify;\">Gustavo L\u00f3pez denunci\u00f3 que adem\u00e1s de insultarlos, los uniformados les tomaron fotos con cuchillos, latas y palos que usaban para preparar sus alimentos o iluminar el lugar durante las reuniones nocturnas para\u00a0acusarnos de delincuentes, cuando nuestro \u00fanico delito es denunciar las anomal\u00edas cometidas.<\/p>\n<p style=\"text-align: justify;\">Se\u00f1al\u00f3 que las autoridades capitalinas y delegacionales, as\u00ed como la familia Shabot Cherem, no han presentado los permisos de excavaci\u00f3n ni de la tala de m\u00e1s de 160 \u00e1rboles, as\u00ed como los estudios de mec\u00e1nica de suelo y la manifestaci\u00f3n de impacto ambiental que autoricen la construcci\u00f3n de esos departamentos.<\/p>\n<p style=\"text-align: justify;\">A ello se sum\u00f3 la perforaci\u00f3n de un manto acu\u00edfero somero durante la excavaci\u00f3n del terreno, el cual ha sido\u00a0minimizado\u00a0por el Sistema de Aguas y la Procuradur\u00eda Ambiental y del Ordenamiento Territorial, que\u00a0lo concesionaron a la inmobiliaria.Tan s\u00f3lo el a\u00f1o pasado se perdieron\u00a0mil 900 millones de litros de agua y se ha buscado bajar el nivel por medio de un cintur\u00f3n de filtraci\u00f3n, que no es suficiente, cuando ha quedado demostrado que en 48 horas, el l\u00edquido que brota puede cubrir la mitad del terreno, en escalas de uno a cuatro metros, agreg\u00f3.<\/p>\n<p style=\"text-align: justify;\">Con cartulinas donde se le\u00eda:\u00a0<strong>Queremos agua, no inmobiliarias\u00a0<\/strong>y\u00a0Los Shabot tiran agua y los granaderos los defienden, los vecinos tomaron desde las 8 horas uno de los carriles de la avenida, en sentido sur, mientras otro era ocupado por un taladro neum\u00e1tico y tres camiones de volteo, que eran resguardados por los uniformados.<\/p>\n<p style=\"text-align: justify;\">Realizan cadena humana<\/p>\n<p style=\"text-align: justify;\">Por la noche realizaron una cadena humana con velas y se declararon en asamblea permanente. En tanto, el <strong>gobierno capitalino<\/strong> inform\u00f3 en un comunicado que se mantendr\u00e1 el di\u00e1logo con ellos en una segunda etapa, para dar seguimiento al cumplimiento de las medidas asumidas por la empresa, como la rehabilitaci\u00f3n de dos pozos que beneficiar\u00e1n a 34 mil 500 habitantes, la construcci\u00f3n de un cintur\u00f3n aislante dentro de la obra y la puesta en marcha de una planta purificadora, a fin de que se reinicie la obra, lo cual no sucedi\u00f3.<\/p>\n<p style=\"text-align: justify;\">Mencion\u00f3 que la intervenci\u00f3n de la <strong>Secretar\u00eda de Gobierno y de Seguridad P\u00fablica<\/strong> tuvieron ese objetivo, una vez establecidos los acuerdos y medidas para responder a las necesidades ciudadanas, pues\u00a0en todo momento se ha privilegiado el di\u00e1logo y \u00e9ste ser\u00e1 permanente, con la finalidad de que la obra se apegue a la norma vigente.<\/p>\n<p style=\"text-align: justify;\">\u00a0<\/p>\n<p style=\"text-align: justify;\">Fuente: La Jornada\u00a0<\/p>\n","protected":false},"excerpt":{"rendered":"<p>Unos 400 granaderos desalojaron el plant\u00f3n que habitantes de la delegaci\u00f3n Coyoac\u00e1n manten\u00edan desde hace siete meses en avenida Aztecas 215, en el pueblo Los<\/p>\n","protected":false},"author":3,"featured_media":0,"comment_status":"open","ping_status":"open","sticky":false,"template":"","format":"standard","meta":{"_monsterinsights_skip_tracking":false,"_monsterinsights_sitenote_active":false,"_monsterinsights_sitenote_note":"","_monsterinsights_sitenote_category":0,"footnotes":""},"categories":[10],"tags":[132],"class_list":["post-2675","post","type-post","status-publish","format-standard","hentry","category-noticias","tag-ciudad"],"aioseo_notices":[],"_links":{"self":[{"href":"https:\/\/ccmexico.com.mx\/blog\/wp-json\/wp\/v2\/posts\/2675","targetHints":{"allow":["GET"]}}],"collection":[{"href":"https:\/\/ccmexico.com.mx\/blog\/wp-json\/wp\/v2\/posts"}],"about":[{"href":"https:\/\/ccmexico.com.mx\/blog\/wp-json\/wp\/v2\/types\/post"}],"author":[{"embeddable":true,"href":"https:\/\/ccmexico.com.mx\/blog\/wp-json\/wp\/v2\/users\/3"}],"replies":[{"embeddable":true,"href":"https:\/\/ccmexico.com.mx\/blog\/wp-json\/wp\/v2\/comments?post=2675"}],"version-history":[{"count":0,"href":"https:\/\/ccmexico.com.mx\/blog\/wp-json\/wp\/v2\/posts\/2675\/revisions"}],"wp:attachment":[{"href":"https:\/\/ccmexico.com.mx\/blog\/wp-json\/wp\/v2\/media?parent=2675"}],"wp:term":[{"taxonomy":"category","embeddable":true,"href":"https:\/\/ccmexico.com.mx\/blog\/wp-json\/wp\/v2\/categories?post=2675"},{"taxonomy":"post_tag","embeddable":true,"href":"https:\/\/ccmexico.com.mx\/blog\/wp-json\/wp\/v2\/tags?post=2675"}],"curies":[{"name":"wp","href":"https:\/\/api.w.org\/{rel}","templated":true}]}}