{"id":3153,"date":"2017-10-03T14:35:40","date_gmt":"2017-10-03T14:35:40","guid":{"rendered":"https:\/\/ccmexico.com.mx\/blog\/index.php\/2017\/10\/03\/instalan-el-comite-cientifico-para-reconstruccion-de-cdmx\/"},"modified":"2017-10-03T14:35:40","modified_gmt":"2017-10-03T14:35:40","slug":"instalan-el-comite-cientifico-para-reconstruccion-de-cdmx","status":"publish","type":"post","link":"https:\/\/ccmexico.com.mx\/blog\/instalan-el-comite-cientifico-para-reconstruccion-de-cdmx\/","title":{"rendered":"Instalan el Comit\u00e9 Cient\u00edfico para Reconstrucci\u00f3n de CDMX"},"content":{"rendered":"<p><img decoding=\"async\" src=\"images\/noticias\/Comite-reconstrucion-CDMX.jpg\" alt=\"Comit\u00e9 para reconstrucci\u00f3n CDMX\" \/><\/p>\n<p>El gobierno capitalino e instituciones acad\u00e9micas de educaci\u00f3n superior instalaron ayer el <strong>Comit\u00e9 Cient\u00edfico para la Reconstrucci\u00f3n y Futuro de la Ciudad de M\u00e9xico<\/strong>, cuya funci\u00f3n ser\u00e1 realizar estudios y recomendaciones de pol\u00edticas p\u00fablicas para reconstruir la capital y reforzar su capacidad para enfrentar fen\u00f3menos naturales como el sismo del pasado 19 de septiembre.<\/p>\n<p>  <!--more-->  <\/p>\n<p>En el Antiguo Palacio del Ayuntamiento, el gobernante local, Miguel \u00c1ngel Mancera Espinosa, se congratul\u00f3 porque la academia se sume a esta tarea e indic\u00f3 que el comit\u00e9 arrancar\u00e1 sus labores con un presupuesto de 50 millones de pesos.<\/p>\n<p>Ante rectores y directores de distintas instituciones, el jefe de Gobierno resalt\u00f3 la <strong>solidaridad de los capitalinos ante la tragedia que signific\u00f3 el temblor de magnitud 7.1<\/strong>. De all\u00ed la importancia de que las autoridades realicen las acciones necesarias para atender a quienes est\u00e1n sufriendo esta adversidad, coment\u00f3.<\/p>\n<p>\u2018\u2018Hemos sido testigos del dolor en sus calles (de la ciudad), de la tragedia, pero tambi\u00e9n somos testigos de una sociedad que se une, que convoca a estar trabajando brazo con brazo, hombro con hombro y mano con mano\u2019\u2019, manifest\u00f3.<\/p>\n<p>El rector de la Universidad Nacional Aut\u00f3noma de M\u00e9xico (UNAM), Enrique Graue Wiechers, manifest\u00f3 que <strong>reconstruir la capital mexicana no debe significar regresarla a la situaci\u00f3n en la que se encontraba antes del temblor, sino \u2018\u2018rehacerla como una ciudad segura, habitable y sustentable<\/strong>\u2019\u2019.<\/p>\n<p>Puntualiz\u00f3 que la zona m\u00e1s afectada por el temblor es la de transici\u00f3n de lo que fue el borde de los lagos de la cuenca de M\u00e9xico, de all\u00ed la necesidad de que la ciudad se replantee<strong> modificar reglamentos de construcci\u00f3n, limitar zonas de crecimiento, liberar espacios y modificar h\u00e1bitos de consumo de agua y de transporte<\/strong>. Agreg\u00f3 que los estudios y propuestas que surjan del comit\u00e9 cient\u00edfico deben ser trans y multisexenales<\/p>\n<p>A su vez, el director general del Instituto Polit\u00e9cnico Nacional (IPN), Enrique Fern\u00e1ndez Fassnacht, se\u00f1al\u00f3 que en este proceso de reconstrucci\u00f3n gobierno, academia y sociedad civil deben<strong> trabajar de manera coordinada<\/strong>, pues son muchas las tareas a realizar en el presente y los a\u00f1os por venir, en las que el <strong>conocimiento cient\u00edfico y el desarrollo tecnol\u00f3gico deben estar en la primera l\u00ednea de prioridad.<\/strong><\/p>\n<p>En el citado comit\u00e9 participan tambi\u00e9n las universidades <strong>Aut\u00f3noma Metropolitana e Iberoamericana, El Colegio de M\u00e9xico y el Instituto Tecnol\u00f3gico Aut\u00f3nomo de M\u00e9xico, entre otras instituciones<\/strong> que se manifestaron tambi\u00e9n por construir una ciudad m\u00e1s segura.<\/p>\n<p>De su lado, el presidente del Consejo Econ\u00f3mico y Social de la Ciudad de M\u00e9xico manifest\u00f3 que tras el sismo \u2018<strong>\u2018debemos evitar pasar de la solidaridad social generalizada a la voracidad inmobiliaria de algunos\u2019<\/strong>\u2019, y no basar las acciones de la reconstrucci\u00f3n \u00fanicamente en donativos, sino construir acuerdos y dise\u00f1ar e implementar pol\u00edticas p\u00fablicas sustentadas en el conocimiento cient\u00edfico.<\/p>\n<p>Fuente: La Jornada<\/p>\n","protected":false},"excerpt":{"rendered":"<p>El gobierno capitalino e instituciones acad\u00e9micas de educaci\u00f3n superior instalaron ayer el Comit\u00e9 Cient\u00edfico para la Reconstrucci\u00f3n y Futuro de la Ciudad de M\u00e9xico, cuya<\/p>\n","protected":false},"author":9,"featured_media":0,"comment_status":"open","ping_status":"open","sticky":false,"template":"","format":"standard","meta":{"_monsterinsights_skip_tracking":false,"_monsterinsights_sitenote_active":false,"_monsterinsights_sitenote_note":"","_monsterinsights_sitenote_category":0,"footnotes":""},"categories":[10],"tags":[132],"class_list":["post-3153","post","type-post","status-publish","format-standard","hentry","category-noticias","tag-ciudad"],"aioseo_notices":[],"_links":{"self":[{"href":"https:\/\/ccmexico.com.mx\/blog\/wp-json\/wp\/v2\/posts\/3153","targetHints":{"allow":["GET"]}}],"collection":[{"href":"https:\/\/ccmexico.com.mx\/blog\/wp-json\/wp\/v2\/posts"}],"about":[{"href":"https:\/\/ccmexico.com.mx\/blog\/wp-json\/wp\/v2\/types\/post"}],"author":[{"embeddable":true,"href":"https:\/\/ccmexico.com.mx\/blog\/wp-json\/wp\/v2\/users\/9"}],"replies":[{"embeddable":true,"href":"https:\/\/ccmexico.com.mx\/blog\/wp-json\/wp\/v2\/comments?post=3153"}],"version-history":[{"count":0,"href":"https:\/\/ccmexico.com.mx\/blog\/wp-json\/wp\/v2\/posts\/3153\/revisions"}],"wp:attachment":[{"href":"https:\/\/ccmexico.com.mx\/blog\/wp-json\/wp\/v2\/media?parent=3153"}],"wp:term":[{"taxonomy":"category","embeddable":true,"href":"https:\/\/ccmexico.com.mx\/blog\/wp-json\/wp\/v2\/categories?post=3153"},{"taxonomy":"post_tag","embeddable":true,"href":"https:\/\/ccmexico.com.mx\/blog\/wp-json\/wp\/v2\/tags?post=3153"}],"curies":[{"name":"wp","href":"https:\/\/api.w.org\/{rel}","templated":true}]}}