{"id":3730,"date":"2019-03-21T15:38:10","date_gmt":"2019-03-21T15:38:10","guid":{"rendered":"https:\/\/ccmexico.com.mx\/blog\/index.php\/2019\/03\/21\/que-esperamos-de-la-82-convencion-bancaria\/"},"modified":"2019-03-21T15:38:10","modified_gmt":"2019-03-21T15:38:10","slug":"que-esperamos-de-la-82-convencion-bancaria","status":"publish","type":"post","link":"https:\/\/ccmexico.com.mx\/blog\/que-esperamos-de-la-82-convencion-bancaria\/","title":{"rendered":"\u00bfQu\u00e9 esperamos de la 82\u00ba Convenci\u00f3n Bancaria?"},"content":{"rendered":"<p><img decoding=\"async\" src=\"images\/CODI-2.jpg\" alt=\"\u00bfQu\u00e9 esperamos de la 82\u00ba Convenci\u00f3n Bancaria?\" \/><\/p>\n<p>CIUDAD DE M\u00c9XICO.- La\u00a0<strong>Asociaci\u00f3n de Bancos de M\u00e9xico (ABM)<\/strong>celebrar\u00e1 el d\u00eda de hoy y ma\u00f1ana 22 de marzo de 2019 la<strong>\u00a082\u00ba Convenci\u00f3n Bancaria<\/strong>\u00a0con el tema de<strong>\u00a0\u201cUna visi\u00f3n al futuro\u201d<\/strong>.<\/p>\n<p>  <!--more-->  <\/p>\n<p>En dicha reuni\u00f3n se dar\u00e1n cita distintos representantes del sector financiero y funcionarios del gobierno, entre los que destacan: el canadiense\u00a0<strong>Salim Ismail, inversionista, emprendedor y estratega tecnol\u00f3gico<\/strong>;\u00a0<strong>Ryan Mcinerney, vicepresidente de la organizaci\u00f3n global Visa<\/strong>;\u00a0<strong>Ajay Banga, ejecutivo de negocios indio americano, director de Mastercard<\/strong>.<\/p>\n<p>En el programa preliminar de la ABM, la apertura estar\u00e1 a cargo del<strong>Secretario de Hacienda y Cr\u00e9dito P\u00fablico (SHCP), Carlos Urz\u00faa<\/strong>.<\/p>\n<p><a href=\"https:\/\/www.dineroenimagen.com\/economia\/fitch-disminuye-la-perspectiva-de-crecimiento-economico-para-mexico\/108308\" target=\"_blank\" rel=\"noopener\">Fitch disminuye la perspectiva de crecimiento econ\u00f3mico para M\u00e9xico<\/a><\/p>\n<p>Distintas figuras participar\u00e1n en la convenci\u00f3n, como el\u00a0<strong>gobernador del Banco de M\u00e9xico (Banxico), Alejandro D\u00edaz de Le\u00f3n<\/strong>; el\u00a0<strong>presidente de la ABM, Marcos Mart\u00ednez Gavica<\/strong>; el\u00a0<strong>presidente de la Comisi\u00f3n Nacional Bancaria y de Valores (CNBV), Adalberto Palma<\/strong>, entre otros.<\/p>\n<p>Entre lo m\u00e1s esperado de la\u00a0<strong>Convenci\u00f3n Bancaria\u00a0<\/strong>est\u00e1 el anuncio por parte de<strong>\u00a0Banxico<\/strong>, acerca de la\u00a0<strong>plataforma CoDi<\/strong>\u00a0del sistema de pagos electr\u00f3nicos. Esta intenta ser una estrategia para fortalecer el sistema financiero del pa\u00eds.<\/p>\n<p>\u00a0<\/p>\n<p>Exc\u00e9lsior.<\/p>\n","protected":false},"excerpt":{"rendered":"<p>CIUDAD DE M\u00c9XICO.- La\u00a0Asociaci\u00f3n de Bancos de M\u00e9xico (ABM)celebrar\u00e1 el d\u00eda de hoy y ma\u00f1ana 22 de marzo de 2019 la\u00a082\u00ba Convenci\u00f3n Bancaria\u00a0con el tema<\/p>\n","protected":false},"author":9,"featured_media":0,"comment_status":"open","ping_status":"open","sticky":false,"template":"","format":"standard","meta":{"_monsterinsights_skip_tracking":false,"_monsterinsights_sitenote_active":false,"_monsterinsights_sitenote_note":"","_monsterinsights_sitenote_category":0,"footnotes":""},"categories":[10],"tags":[132,127],"class_list":["post-3730","post","type-post","status-publish","format-standard","hentry","category-noticias","tag-ciudad","tag-finanzas"],"aioseo_notices":[],"_links":{"self":[{"href":"https:\/\/ccmexico.com.mx\/blog\/wp-json\/wp\/v2\/posts\/3730","targetHints":{"allow":["GET"]}}],"collection":[{"href":"https:\/\/ccmexico.com.mx\/blog\/wp-json\/wp\/v2\/posts"}],"about":[{"href":"https:\/\/ccmexico.com.mx\/blog\/wp-json\/wp\/v2\/types\/post"}],"author":[{"embeddable":true,"href":"https:\/\/ccmexico.com.mx\/blog\/wp-json\/wp\/v2\/users\/9"}],"replies":[{"embeddable":true,"href":"https:\/\/ccmexico.com.mx\/blog\/wp-json\/wp\/v2\/comments?post=3730"}],"version-history":[{"count":0,"href":"https:\/\/ccmexico.com.mx\/blog\/wp-json\/wp\/v2\/posts\/3730\/revisions"}],"wp:attachment":[{"href":"https:\/\/ccmexico.com.mx\/blog\/wp-json\/wp\/v2\/media?parent=3730"}],"wp:term":[{"taxonomy":"category","embeddable":true,"href":"https:\/\/ccmexico.com.mx\/blog\/wp-json\/wp\/v2\/categories?post=3730"},{"taxonomy":"post_tag","embeddable":true,"href":"https:\/\/ccmexico.com.mx\/blog\/wp-json\/wp\/v2\/tags?post=3730"}],"curies":[{"name":"wp","href":"https:\/\/api.w.org\/{rel}","templated":true}]}}